{"id":15406,"date":"2017-12-04T15:40:03","date_gmt":"2017-12-04T14:40:03","guid":{"rendered":"https:\/\/amf.eus\/?p=15406"},"modified":"2025-12-04T17:10:28","modified_gmt":"2025-12-04T16:10:28","slug":"micaela-portilla-ibilbidea","status":"publish","type":"post","link":"https:\/\/amf.eus\/eu\/micaela-portilla-ibilbidea\/","title":{"rendered":"Micaela Portilla Ibilbidea"},"content":{"rendered":"<p><strong>Descripci\u00f3n del recorrido<\/strong><\/p>\n<p>Trayecto: circular<\/p>\n<p>Longitud: 16,31 km<\/p>\n<p>Dificultad: F\u00e1cil<\/p>\n<p>Duraci\u00f3n:5 h<\/p>\n<p>Desnivel positivo: 580 m<\/p>\n<p><img decoding=\"async\" style=\"vertical-align: middle;\" src=\"\/wp-content\/icons\/file-types\/pdf-icon.png\" \/>\u00a0Para m\u00e1s informaci\u00f3n: [ddownload id=&#8221;1523&#8243; text=&#8221;Descarga el cartel del Sendero de Micaela Portilla Ibilbidea&#8221;]<\/p>\n","protected":false},"excerpt":{"rendered":"<p>Descripci\u00f3n del recorrido Trayecto: circular Longitud: 16,31 km Dificultad: F\u00e1cil Duraci\u00f3n:5 h Desnivel positivo: 580 m \u00a0Para m\u00e1s informaci\u00f3n: [ddownload id=&#8221;1523&#8243; text=&#8221;Descarga el cartel del Sendero de Micaela Portilla Ibilbidea&#8221;]<\/p>\n","protected":false},"author":7,"featured_media":0,"comment_status":"closed","ping_status":"closed","sticky":false,"template":"","format":"standard","meta":{"_et_pb_use_builder":"","_et_pb_old_content":"","_et_gb_content_width":"","footnotes":""},"categories":[504],"tags":[],"class_list":["post-15406","post","type-post","status-publish","format-standard","hentry","category-ibilbidea"],"yoast_head":"<!-- This site is optimized with the Yoast SEO plugin v27.4 - https:\/\/yoast.com\/product\/yoast-seo-wordpress\/ -->\n<title>Micaela Portilla Ibilbidea | Arabako Mendizale Federazioa<\/title>\n<meta name=\"robots\" content=\"index, follow, max-snippet:-1, max-image-preview:large, max-video-preview:-1\" \/>\n<link rel=\"canonical\" href=\"https:\/\/amf.eus\/eu\/micaela-portilla-ibilbidea\/\" \/>\n<meta property=\"og:locale\" content=\"eu_ES\" \/>\n<meta property=\"og:type\" content=\"article\" \/>\n<meta property=\"og:title\" content=\"Micaela Portilla Ibilbidea | Arabako Mendizale Federazioa\" \/>\n<meta property=\"og:description\" content=\"Descripci\u00f3n del recorrido Trayecto: circular Longitud: 16,31 km Dificultad: F\u00e1cil Duraci\u00f3n:5 h Desnivel positivo: 580 m \u00a0Para m\u00e1s informaci\u00f3n: [ddownload id=&#8221;1523&#8243; text=&#8221;Descarga el cartel del Sendero de Micaela Portilla Ibilbidea&#8221;]\" \/>\n<meta property=\"og:url\" content=\"https:\/\/amf.eus\/eu\/micaela-portilla-ibilbidea\/\" \/>\n<meta property=\"og:site_name\" content=\"Arabako Mendizale Federazioa\" \/>\n<meta property=\"article:publisher\" content=\"https:\/\/www.facebook.com\/profile.php?id=100066562993322\" \/>\n<meta property=\"article:published_time\" content=\"2017-12-04T14:40:03+00:00\" \/>\n<meta property=\"article:modified_time\" content=\"2025-12-04T16:10:28+00:00\" \/>\n<meta name=\"author\" content=\"edurneEM\" \/>\n<meta name=\"twitter:card\" content=\"summary_large_image\" \/>\n<meta name=\"twitter:label1\" content=\"Written by\" \/>\n\t<meta name=\"twitter:data1\" content=\"edurneEM\" \/>\n\t<meta name=\"twitter:label2\" content=\"Est. reading time\" \/>\n\t<meta name=\"twitter:data2\" content=\"1 minute\" \/>\n<script type=\"application\/ld+json\" class=\"yoast-schema-graph\">{\"@context\":\"https:\\\/\\\/schema.org\",\"@graph\":[{\"@type\":\"Article\",\"@id\":\"https:\\\/\\\/amf.eus\\\/eu\\\/micaela-portilla-ibilbidea\\\/#article\",\"isPartOf\":{\"@id\":\"https:\\\/\\\/amf.eus\\\/eu\\\/micaela-portilla-ibilbidea\\\/\"},\"author\":{\"name\":\"edurneEM\",\"@id\":\"https:\\\/\\\/amf.eus\\\/eu\\\/#\\\/schema\\\/person\\\/860b8abb5e1d8f2c47971799ae1af4b6\"},\"headline\":\"Micaela Portilla Ibilbidea\",\"datePublished\":\"2017-12-04T14:40:03+00:00\",\"dateModified\":\"2025-12-04T16:10:28+00:00\",\"mainEntityOfPage\":{\"@id\":\"https:\\\/\\\/amf.eus\\\/eu\\\/micaela-portilla-ibilbidea\\\/\"},\"wordCount\":37,\"publisher\":{\"@id\":\"https:\\\/\\\/amf.eus\\\/eu\\\/#organization\"},\"articleSection\":[\"Ibilbideak\"],\"inLanguage\":\"eu-ES\"},{\"@type\":\"WebPage\",\"@id\":\"https:\\\/\\\/amf.eus\\\/eu\\\/micaela-portilla-ibilbidea\\\/\",\"url\":\"https:\\\/\\\/amf.eus\\\/eu\\\/micaela-portilla-ibilbidea\\\/\",\"name\":\"Micaela Portilla Ibilbidea | Arabako Mendizale Federazioa\",\"isPartOf\":{\"@id\":\"https:\\\/\\\/amf.eus\\\/eu\\\/#website\"},\"datePublished\":\"2017-12-04T14:40:03+00:00\",\"dateModified\":\"2025-12-04T16:10:28+00:00\",\"breadcrumb\":{\"@id\":\"https:\\\/\\\/amf.eus\\\/eu\\\/micaela-portilla-ibilbidea\\\/#breadcrumb\"},\"inLanguage\":\"eu-ES\",\"potentialAction\":[{\"@type\":\"ReadAction\",\"target\":[\"https:\\\/\\\/amf.eus\\\/eu\\\/micaela-portilla-ibilbidea\\\/\"]}]},{\"@type\":\"BreadcrumbList\",\"@id\":\"https:\\\/\\\/amf.eus\\\/eu\\\/micaela-portilla-ibilbidea\\\/#breadcrumb\",\"itemListElement\":[{\"@type\":\"ListItem\",\"position\":1,\"name\":\"Portada\",\"item\":\"https:\\\/\\\/amf.eus\\\/eu\\\/\"},{\"@type\":\"ListItem\",\"position\":2,\"name\":\"Micaela Portilla Ibilbidea\"}]},{\"@type\":\"WebSite\",\"@id\":\"https:\\\/\\\/amf.eus\\\/eu\\\/#website\",\"url\":\"https:\\\/\\\/amf.eus\\\/eu\\\/\",\"name\":\"Arabako Mendizale Federazioa\",\"description\":\"Federaci\u00f3n Alavesa de Monta\u00f1a\",\"publisher\":{\"@id\":\"https:\\\/\\\/amf.eus\\\/eu\\\/#organization\"},\"potentialAction\":[{\"@type\":\"SearchAction\",\"target\":{\"@type\":\"EntryPoint\",\"urlTemplate\":\"https:\\\/\\\/amf.eus\\\/eu\\\/?s={search_term_string}\"},\"query-input\":{\"@type\":\"PropertyValueSpecification\",\"valueRequired\":true,\"valueName\":\"search_term_string\"}}],\"inLanguage\":\"eu-ES\"},{\"@type\":\"Organization\",\"@id\":\"https:\\\/\\\/amf.eus\\\/eu\\\/#organization\",\"name\":\"Arabako Mendizale Federazioa - Federaci\u00f3n alavesa de Monta\u00f1a\",\"alternateName\":\"Arabako Mendizale Federazioa\",\"url\":\"https:\\\/\\\/amf.eus\\\/eu\\\/\",\"logo\":{\"@type\":\"ImageObject\",\"inLanguage\":\"eu-ES\",\"@id\":\"https:\\\/\\\/amf.eus\\\/eu\\\/#\\\/schema\\\/logo\\\/image\\\/\",\"url\":\"https:\\\/\\\/amf.eus\\\/wp-content\\\/uploads\\\/2025\\\/12\\\/amf-fam_logoa.png\",\"contentUrl\":\"https:\\\/\\\/amf.eus\\\/wp-content\\\/uploads\\\/2025\\\/12\\\/amf-fam_logoa.png\",\"width\":999,\"height\":989,\"caption\":\"Arabako Mendizale Federazioa - Federaci\u00f3n alavesa de Monta\u00f1a\"},\"image\":{\"@id\":\"https:\\\/\\\/amf.eus\\\/eu\\\/#\\\/schema\\\/logo\\\/image\\\/\"},\"sameAs\":[\"https:\\\/\\\/www.facebook.com\\\/profile.php?id=100066562993322\",\"https:\\\/\\\/www.instagram.com\\\/arabakomendizale\\\/\"]},{\"@type\":\"Person\",\"@id\":\"https:\\\/\\\/amf.eus\\\/eu\\\/#\\\/schema\\\/person\\\/860b8abb5e1d8f2c47971799ae1af4b6\",\"name\":\"edurneEM\"}]}<\/script>\n<!-- \/ Yoast SEO plugin. -->","yoast_head_json":{"title":"Micaela Portilla Ibilbidea | Arabako Mendizale Federazioa","robots":{"index":"index","follow":"follow","max-snippet":"max-snippet:-1","max-image-preview":"max-image-preview:large","max-video-preview":"max-video-preview:-1"},"canonical":"https:\/\/amf.eus\/eu\/micaela-portilla-ibilbidea\/","og_locale":"eu_ES","og_type":"article","og_title":"Micaela Portilla Ibilbidea | Arabako Mendizale Federazioa","og_description":"Descripci\u00f3n del recorrido Trayecto: circular Longitud: 16,31 km Dificultad: F\u00e1cil Duraci\u00f3n:5 h Desnivel positivo: 580 m \u00a0Para m\u00e1s informaci\u00f3n: [ddownload id=&#8221;1523&#8243; text=&#8221;Descarga el cartel del Sendero de Micaela Portilla Ibilbidea&#8221;]","og_url":"https:\/\/amf.eus\/eu\/micaela-portilla-ibilbidea\/","og_site_name":"Arabako Mendizale Federazioa","article_publisher":"https:\/\/www.facebook.com\/profile.php?id=100066562993322","article_published_time":"2017-12-04T14:40:03+00:00","article_modified_time":"2025-12-04T16:10:28+00:00","author":"edurneEM","twitter_card":"summary_large_image","twitter_misc":{"Written by":"edurneEM","Est. reading time":"1 minute"},"schema":{"@context":"https:\/\/schema.org","@graph":[{"@type":"Article","@id":"https:\/\/amf.eus\/eu\/micaela-portilla-ibilbidea\/#article","isPartOf":{"@id":"https:\/\/amf.eus\/eu\/micaela-portilla-ibilbidea\/"},"author":{"name":"edurneEM","@id":"https:\/\/amf.eus\/eu\/#\/schema\/person\/860b8abb5e1d8f2c47971799ae1af4b6"},"headline":"Micaela Portilla Ibilbidea","datePublished":"2017-12-04T14:40:03+00:00","dateModified":"2025-12-04T16:10:28+00:00","mainEntityOfPage":{"@id":"https:\/\/amf.eus\/eu\/micaela-portilla-ibilbidea\/"},"wordCount":37,"publisher":{"@id":"https:\/\/amf.eus\/eu\/#organization"},"articleSection":["Ibilbideak"],"inLanguage":"eu-ES"},{"@type":"WebPage","@id":"https:\/\/amf.eus\/eu\/micaela-portilla-ibilbidea\/","url":"https:\/\/amf.eus\/eu\/micaela-portilla-ibilbidea\/","name":"Micaela Portilla Ibilbidea | Arabako Mendizale Federazioa","isPartOf":{"@id":"https:\/\/amf.eus\/eu\/#website"},"datePublished":"2017-12-04T14:40:03+00:00","dateModified":"2025-12-04T16:10:28+00:00","breadcrumb":{"@id":"https:\/\/amf.eus\/eu\/micaela-portilla-ibilbidea\/#breadcrumb"},"inLanguage":"eu-ES","potentialAction":[{"@type":"ReadAction","target":["https:\/\/amf.eus\/eu\/micaela-portilla-ibilbidea\/"]}]},{"@type":"BreadcrumbList","@id":"https:\/\/amf.eus\/eu\/micaela-portilla-ibilbidea\/#breadcrumb","itemListElement":[{"@type":"ListItem","position":1,"name":"Portada","item":"https:\/\/amf.eus\/eu\/"},{"@type":"ListItem","position":2,"name":"Micaela Portilla Ibilbidea"}]},{"@type":"WebSite","@id":"https:\/\/amf.eus\/eu\/#website","url":"https:\/\/amf.eus\/eu\/","name":"Arabako Mendizale Federazioa","description":"Federaci\u00f3n Alavesa de Monta\u00f1a","publisher":{"@id":"https:\/\/amf.eus\/eu\/#organization"},"potentialAction":[{"@type":"SearchAction","target":{"@type":"EntryPoint","urlTemplate":"https:\/\/amf.eus\/eu\/?s={search_term_string}"},"query-input":{"@type":"PropertyValueSpecification","valueRequired":true,"valueName":"search_term_string"}}],"inLanguage":"eu-ES"},{"@type":"Organization","@id":"https:\/\/amf.eus\/eu\/#organization","name":"Arabako Mendizale Federazioa - Federaci\u00f3n alavesa de Monta\u00f1a","alternateName":"Arabako Mendizale Federazioa","url":"https:\/\/amf.eus\/eu\/","logo":{"@type":"ImageObject","inLanguage":"eu-ES","@id":"https:\/\/amf.eus\/eu\/#\/schema\/logo\/image\/","url":"https:\/\/amf.eus\/wp-content\/uploads\/2025\/12\/amf-fam_logoa.png","contentUrl":"https:\/\/amf.eus\/wp-content\/uploads\/2025\/12\/amf-fam_logoa.png","width":999,"height":989,"caption":"Arabako Mendizale Federazioa - Federaci\u00f3n alavesa de Monta\u00f1a"},"image":{"@id":"https:\/\/amf.eus\/eu\/#\/schema\/logo\/image\/"},"sameAs":["https:\/\/www.facebook.com\/profile.php?id=100066562993322","https:\/\/www.instagram.com\/arabakomendizale\/"]},{"@type":"Person","@id":"https:\/\/amf.eus\/eu\/#\/schema\/person\/860b8abb5e1d8f2c47971799ae1af4b6","name":"edurneEM"}]}},"_links":{"self":[{"href":"https:\/\/amf.eus\/eu\/wp-json\/wp\/v2\/posts\/15406","targetHints":{"allow":["GET"]}}],"collection":[{"href":"https:\/\/amf.eus\/eu\/wp-json\/wp\/v2\/posts"}],"about":[{"href":"https:\/\/amf.eus\/eu\/wp-json\/wp\/v2\/types\/post"}],"author":[{"embeddable":true,"href":"https:\/\/amf.eus\/eu\/wp-json\/wp\/v2\/users\/7"}],"replies":[{"embeddable":true,"href":"https:\/\/amf.eus\/eu\/wp-json\/wp\/v2\/comments?post=15406"}],"version-history":[{"count":1,"href":"https:\/\/amf.eus\/eu\/wp-json\/wp\/v2\/posts\/15406\/revisions"}],"predecessor-version":[{"id":15407,"href":"https:\/\/amf.eus\/eu\/wp-json\/wp\/v2\/posts\/15406\/revisions\/15407"}],"wp:attachment":[{"href":"https:\/\/amf.eus\/eu\/wp-json\/wp\/v2\/media?parent=15406"}],"wp:term":[{"taxonomy":"category","embeddable":true,"href":"https:\/\/amf.eus\/eu\/wp-json\/wp\/v2\/categories?post=15406"},{"taxonomy":"post_tag","embeddable":true,"href":"https:\/\/amf.eus\/eu\/wp-json\/wp\/v2\/tags?post=15406"}],"curies":[{"name":"wp","href":"https:\/\/api.w.org\/{rel}","templated":true}]}}