{"id":15420,"date":"2017-12-04T15:51:04","date_gmt":"2017-12-04T14:51:04","guid":{"rendered":"https:\/\/amf.eus\/?p=15420"},"modified":"2025-12-04T17:09:53","modified_gmt":"2025-12-04T16:09:53","slug":"gr-284","status":"publish","type":"post","link":"https:\/\/amf.eus\/eu\/gr-284\/","title":{"rendered":"GR-284: Sope\u00f1ako Errege Bidea"},"content":{"rendered":"<p>[et_pb_section fb_built=&#8221;1&#8243; admin_label=&#8221;section&#8221; _builder_version=&#8221;4.16&#8243; global_colors_info=&#8221;{}&#8221;][et_pb_row admin_label=&#8221;row&#8221; _builder_version=&#8221;4.16&#8243; background_size=&#8221;initial&#8221; background_position=&#8221;top_left&#8221; background_repeat=&#8221;repeat&#8221; global_colors_info=&#8221;{}&#8221;][et_pb_column type=&#8221;4_4&#8243; _builder_version=&#8221;4.16&#8243; custom_padding=&#8221;|||&#8221; global_colors_info=&#8221;{}&#8221; custom_padding__hover=&#8221;|||&#8221;][et_pb_text admin_label=&#8221;Text&#8221; _builder_version=&#8221;4.23.1&#8243; background_size=&#8221;initial&#8221; background_position=&#8221;top_left&#8221; background_repeat=&#8221;repeat&#8221; global_colors_info=&#8221;{}&#8221;]El Camino Real de la Sope\u00f1a, GR 284, es un sendero que, sin grandes desniveles, nos acerca a la historia de un camino utilizado por mercaderes y comerciantes que transitaban entre el burgal\u00e9s valle de Mena y la ciudad de Ordu\u00f1a.<\/p>\n<p>Comenzando en la Aduana de esta \u00faltima localidad, el sendero se encarama hacia Sierra S\u00e1lvada por el Camino del Txarlazo y contin\u00faa hacia Lendo\u00f1ogoiti para dirigir sus pasos hasta A\u00f1es, transitando a media ladera de la sierra. Desde esta localidad se dirige hacia la medieval villa de Artziniega cruzando el valle del r\u00edo San Miguel y las localidades de Sojo y Sojoguti.<\/p>\n<p>Desde Amurrio nace el ramal que se dirige hacia Izoria, para continuar su traza hacia la monumental Kexaa \/ Quejana. Desde aqu\u00ed busca el camino que le lleva hasta Menoio para alcanzar el paraje de Oletar a trav\u00e9s del conocido camino de Angulo.<br \/>\nLa variante GR 284.1 nos acerca hasta los altos de Sierra S\u00e1lvada. Desde Oletar, el camino busca el hist\u00f3rico Portillo de Aro y transita por un paisaje k\u00e1rstico con inmejorables vistas. Nuestra calzada enlaza, tras superar varias cumbres de la sierra, con el camino de Goldetxo, que desciende del Txarlazo hacia Ordu\u00f1a, y que, tras convertirse en mejor camino para recuas y carretas, rob\u00f3 al camino de la Sope\u00f1a a sus mercaderes y comerciantes.<\/p>\n<hr \/>\n<p><img decoding=\"async\" style=\"vertical-align: middle;\" src=\"\/wp-content\/icons\/file-types\/track-yellow-icon.png\" \/> <a href=\"https:\/\/app.box.com\/s\/dry2e4e7ja6cv8qceauwpqld5i6kpllu\" target=\"_blank\" rel=\"noopener\">Descargar los tracks etapa por etapa<\/a><\/p>\n<hr \/>\n<div><img decoding=\"async\" style=\"vertical-align: middle;\" src=\"\/wp-content\/icons\/file-types\/pdf-icon.png\" \/><a href=\"\/wp-content\/uploads\/paths\/GR_284\/etapa 1_es.pdf\" rel=\"nofollow\">Etapa 1<\/a><\/div>\n<div><img decoding=\"async\" style=\"vertical-align: middle;\" src=\"\/wp-content\/icons\/file-types\/pdf-icon.png\" \/><a href=\"\/wp-content\/uploads\/paths\/GR_284\/etapa 2_es.pdf\" rel=\"nofollow\">Etapa 2<\/a><\/div>\n<div><img decoding=\"async\" style=\"vertical-align: middle;\" src=\"\/wp-content\/icons\/file-types\/pdf-icon.png\" \/><a href=\"\/wp-content\/uploads\/paths\/GR_284\/etapa 3_es.pdf\" rel=\"nofollow\">Etapa 3<\/a><\/div>\n<hr \/>\n<div><img decoding=\"async\" style=\"vertical-align: middle;\" src=\"\/wp-content\/icons\/file-types\/pdf-icon.png\" \/><a href=\"\/wp-content\/uploads\/paths\/GR_284\/variante 284.1.pdf\" rel=\"nofollow\">Variante 284.1<\/a><\/div>\n<p>[\/et_pb_text][\/et_pb_column][\/et_pb_row][\/et_pb_section]<\/p>\n","protected":false},"excerpt":{"rendered":"<p>El Camino Real de la Sope\u00f1a, GR 284, es un sendero que, sin grandes desniveles, nos acerca a la historia de un camino utilizado por mercaderes y comerciantes que transitaban entre el burgal\u00e9s valle de Mena y la ciudad de Ordu\u00f1a. Comenzando en la Aduana de esta \u00faltima localidad, el sendero se encarama hacia Sierra [&hellip;]<\/p>\n","protected":false},"author":7,"featured_media":2914,"comment_status":"closed","ping_status":"closed","sticky":false,"template":"","format":"standard","meta":{"_et_pb_use_builder":"on","_et_pb_old_content":"","_et_gb_content_width":"","footnotes":""},"categories":[504],"tags":[],"class_list":["post-15420","post","type-post","status-publish","format-standard","has-post-thumbnail","hentry","category-ibilbidea"],"yoast_head":"<!-- This site is optimized with the Yoast SEO plugin v27.4 - https:\/\/yoast.com\/product\/yoast-seo-wordpress\/ -->\n<title>GR-284: Sope\u00f1ako Errege Bidea | Arabako Mendizale Federazioa<\/title>\n<meta name=\"robots\" content=\"index, follow, max-snippet:-1, max-image-preview:large, max-video-preview:-1\" \/>\n<link rel=\"canonical\" href=\"https:\/\/amf.eus\/eu\/gr-284\/\" \/>\n<meta property=\"og:locale\" content=\"eu_ES\" \/>\n<meta property=\"og:type\" content=\"article\" \/>\n<meta property=\"og:title\" content=\"GR-284: Sope\u00f1ako Errege Bidea | Arabako Mendizale Federazioa\" \/>\n<meta property=\"og:description\" content=\"El Camino Real de la Sope\u00f1a, GR 284, es un sendero que, sin grandes desniveles, nos acerca a la historia de un camino utilizado por mercaderes y comerciantes que transitaban entre el burgal\u00e9s valle de Mena y la ciudad de Ordu\u00f1a. Comenzando en la Aduana de esta \u00faltima localidad, el sendero se encarama hacia Sierra [&hellip;]\" \/>\n<meta property=\"og:url\" content=\"https:\/\/amf.eus\/eu\/gr-284\/\" \/>\n<meta property=\"og:site_name\" content=\"Arabako Mendizale Federazioa\" \/>\n<meta property=\"article:publisher\" content=\"https:\/\/www.facebook.com\/profile.php?id=100066562993322\" \/>\n<meta property=\"article:published_time\" content=\"2017-12-04T14:51:04+00:00\" \/>\n<meta property=\"article:modified_time\" content=\"2025-12-04T16:09:53+00:00\" \/>\n<meta property=\"og:image\" content=\"https:\/\/amf.eus\/wp-content\/uploads\/2017\/05\/gr-284.jpg\" \/>\n\t<meta property=\"og:image:width\" content=\"640\" \/>\n\t<meta property=\"og:image:height\" content=\"428\" \/>\n\t<meta property=\"og:image:type\" content=\"image\/jpeg\" \/>\n<meta name=\"author\" content=\"edurneEM\" \/>\n<meta name=\"twitter:card\" content=\"summary_large_image\" \/>\n<meta name=\"twitter:label1\" content=\"Written by\" \/>\n\t<meta name=\"twitter:data1\" content=\"edurneEM\" \/>\n\t<meta name=\"twitter:label2\" content=\"Est. reading time\" \/>\n\t<meta name=\"twitter:data2\" content=\"3 minutes\" \/>\n<script type=\"application\/ld+json\" class=\"yoast-schema-graph\">{\"@context\":\"https:\\\/\\\/schema.org\",\"@graph\":[{\"@type\":\"Article\",\"@id\":\"https:\\\/\\\/amf.eus\\\/eu\\\/gr-284\\\/#article\",\"isPartOf\":{\"@id\":\"https:\\\/\\\/amf.eus\\\/eu\\\/gr-284\\\/\"},\"author\":{\"name\":\"edurneEM\",\"@id\":\"https:\\\/\\\/amf.eus\\\/eu\\\/#\\\/schema\\\/person\\\/860b8abb5e1d8f2c47971799ae1af4b6\"},\"headline\":\"GR-284: Sope\u00f1ako Errege Bidea\",\"datePublished\":\"2017-12-04T14:51:04+00:00\",\"dateModified\":\"2025-12-04T16:09:53+00:00\",\"mainEntityOfPage\":{\"@id\":\"https:\\\/\\\/amf.eus\\\/eu\\\/gr-284\\\/\"},\"wordCount\":327,\"publisher\":{\"@id\":\"https:\\\/\\\/amf.eus\\\/eu\\\/#organization\"},\"image\":{\"@id\":\"https:\\\/\\\/amf.eus\\\/eu\\\/gr-284\\\/#primaryimage\"},\"thumbnailUrl\":\"https:\\\/\\\/amf.eus\\\/wp-content\\\/uploads\\\/2017\\\/05\\\/gr-284.jpg\",\"articleSection\":[\"Ibilbideak\"],\"inLanguage\":\"eu-ES\"},{\"@type\":\"WebPage\",\"@id\":\"https:\\\/\\\/amf.eus\\\/eu\\\/gr-284\\\/\",\"url\":\"https:\\\/\\\/amf.eus\\\/eu\\\/gr-284\\\/\",\"name\":\"GR-284: Sope\u00f1ako Errege Bidea | Arabako Mendizale Federazioa\",\"isPartOf\":{\"@id\":\"https:\\\/\\\/amf.eus\\\/eu\\\/#website\"},\"primaryImageOfPage\":{\"@id\":\"https:\\\/\\\/amf.eus\\\/eu\\\/gr-284\\\/#primaryimage\"},\"image\":{\"@id\":\"https:\\\/\\\/amf.eus\\\/eu\\\/gr-284\\\/#primaryimage\"},\"thumbnailUrl\":\"https:\\\/\\\/amf.eus\\\/wp-content\\\/uploads\\\/2017\\\/05\\\/gr-284.jpg\",\"datePublished\":\"2017-12-04T14:51:04+00:00\",\"dateModified\":\"2025-12-04T16:09:53+00:00\",\"breadcrumb\":{\"@id\":\"https:\\\/\\\/amf.eus\\\/eu\\\/gr-284\\\/#breadcrumb\"},\"inLanguage\":\"eu-ES\",\"potentialAction\":[{\"@type\":\"ReadAction\",\"target\":[\"https:\\\/\\\/amf.eus\\\/eu\\\/gr-284\\\/\"]}]},{\"@type\":\"ImageObject\",\"inLanguage\":\"eu-ES\",\"@id\":\"https:\\\/\\\/amf.eus\\\/eu\\\/gr-284\\\/#primaryimage\",\"url\":\"https:\\\/\\\/amf.eus\\\/wp-content\\\/uploads\\\/2017\\\/05\\\/gr-284.jpg\",\"contentUrl\":\"https:\\\/\\\/amf.eus\\\/wp-content\\\/uploads\\\/2017\\\/05\\\/gr-284.jpg\",\"width\":640,\"height\":428},{\"@type\":\"BreadcrumbList\",\"@id\":\"https:\\\/\\\/amf.eus\\\/eu\\\/gr-284\\\/#breadcrumb\",\"itemListElement\":[{\"@type\":\"ListItem\",\"position\":1,\"name\":\"Portada\",\"item\":\"https:\\\/\\\/amf.eus\\\/eu\\\/\"},{\"@type\":\"ListItem\",\"position\":2,\"name\":\"GR-284: Sope\u00f1ako Errege Bidea\"}]},{\"@type\":\"WebSite\",\"@id\":\"https:\\\/\\\/amf.eus\\\/eu\\\/#website\",\"url\":\"https:\\\/\\\/amf.eus\\\/eu\\\/\",\"name\":\"Arabako Mendizale Federazioa\",\"description\":\"Federaci\u00f3n Alavesa de Monta\u00f1a\",\"publisher\":{\"@id\":\"https:\\\/\\\/amf.eus\\\/eu\\\/#organization\"},\"potentialAction\":[{\"@type\":\"SearchAction\",\"target\":{\"@type\":\"EntryPoint\",\"urlTemplate\":\"https:\\\/\\\/amf.eus\\\/eu\\\/?s={search_term_string}\"},\"query-input\":{\"@type\":\"PropertyValueSpecification\",\"valueRequired\":true,\"valueName\":\"search_term_string\"}}],\"inLanguage\":\"eu-ES\"},{\"@type\":\"Organization\",\"@id\":\"https:\\\/\\\/amf.eus\\\/eu\\\/#organization\",\"name\":\"Arabako Mendizale Federazioa - Federaci\u00f3n alavesa de Monta\u00f1a\",\"alternateName\":\"Arabako Mendizale Federazioa\",\"url\":\"https:\\\/\\\/amf.eus\\\/eu\\\/\",\"logo\":{\"@type\":\"ImageObject\",\"inLanguage\":\"eu-ES\",\"@id\":\"https:\\\/\\\/amf.eus\\\/eu\\\/#\\\/schema\\\/logo\\\/image\\\/\",\"url\":\"https:\\\/\\\/amf.eus\\\/wp-content\\\/uploads\\\/2025\\\/12\\\/amf-fam_logoa.png\",\"contentUrl\":\"https:\\\/\\\/amf.eus\\\/wp-content\\\/uploads\\\/2025\\\/12\\\/amf-fam_logoa.png\",\"width\":999,\"height\":989,\"caption\":\"Arabako Mendizale Federazioa - Federaci\u00f3n alavesa de Monta\u00f1a\"},\"image\":{\"@id\":\"https:\\\/\\\/amf.eus\\\/eu\\\/#\\\/schema\\\/logo\\\/image\\\/\"},\"sameAs\":[\"https:\\\/\\\/www.facebook.com\\\/profile.php?id=100066562993322\",\"https:\\\/\\\/www.instagram.com\\\/arabakomendizale\\\/\"]},{\"@type\":\"Person\",\"@id\":\"https:\\\/\\\/amf.eus\\\/eu\\\/#\\\/schema\\\/person\\\/860b8abb5e1d8f2c47971799ae1af4b6\",\"name\":\"edurneEM\"}]}<\/script>\n<!-- \/ Yoast SEO plugin. -->","yoast_head_json":{"title":"GR-284: Sope\u00f1ako Errege Bidea | Arabako Mendizale Federazioa","robots":{"index":"index","follow":"follow","max-snippet":"max-snippet:-1","max-image-preview":"max-image-preview:large","max-video-preview":"max-video-preview:-1"},"canonical":"https:\/\/amf.eus\/eu\/gr-284\/","og_locale":"eu_ES","og_type":"article","og_title":"GR-284: Sope\u00f1ako Errege Bidea | Arabako Mendizale Federazioa","og_description":"El Camino Real de la Sope\u00f1a, GR 284, es un sendero que, sin grandes desniveles, nos acerca a la historia de un camino utilizado por mercaderes y comerciantes que transitaban entre el burgal\u00e9s valle de Mena y la ciudad de Ordu\u00f1a. Comenzando en la Aduana de esta \u00faltima localidad, el sendero se encarama hacia Sierra [&hellip;]","og_url":"https:\/\/amf.eus\/eu\/gr-284\/","og_site_name":"Arabako Mendizale Federazioa","article_publisher":"https:\/\/www.facebook.com\/profile.php?id=100066562993322","article_published_time":"2017-12-04T14:51:04+00:00","article_modified_time":"2025-12-04T16:09:53+00:00","og_image":[{"width":640,"height":428,"url":"https:\/\/amf.eus\/wp-content\/uploads\/2017\/05\/gr-284.jpg","type":"image\/jpeg"}],"author":"edurneEM","twitter_card":"summary_large_image","twitter_misc":{"Written by":"edurneEM","Est. reading time":"3 minutes"},"schema":{"@context":"https:\/\/schema.org","@graph":[{"@type":"Article","@id":"https:\/\/amf.eus\/eu\/gr-284\/#article","isPartOf":{"@id":"https:\/\/amf.eus\/eu\/gr-284\/"},"author":{"name":"edurneEM","@id":"https:\/\/amf.eus\/eu\/#\/schema\/person\/860b8abb5e1d8f2c47971799ae1af4b6"},"headline":"GR-284: Sope\u00f1ako Errege Bidea","datePublished":"2017-12-04T14:51:04+00:00","dateModified":"2025-12-04T16:09:53+00:00","mainEntityOfPage":{"@id":"https:\/\/amf.eus\/eu\/gr-284\/"},"wordCount":327,"publisher":{"@id":"https:\/\/amf.eus\/eu\/#organization"},"image":{"@id":"https:\/\/amf.eus\/eu\/gr-284\/#primaryimage"},"thumbnailUrl":"https:\/\/amf.eus\/wp-content\/uploads\/2017\/05\/gr-284.jpg","articleSection":["Ibilbideak"],"inLanguage":"eu-ES"},{"@type":"WebPage","@id":"https:\/\/amf.eus\/eu\/gr-284\/","url":"https:\/\/amf.eus\/eu\/gr-284\/","name":"GR-284: Sope\u00f1ako Errege Bidea | Arabako Mendizale Federazioa","isPartOf":{"@id":"https:\/\/amf.eus\/eu\/#website"},"primaryImageOfPage":{"@id":"https:\/\/amf.eus\/eu\/gr-284\/#primaryimage"},"image":{"@id":"https:\/\/amf.eus\/eu\/gr-284\/#primaryimage"},"thumbnailUrl":"https:\/\/amf.eus\/wp-content\/uploads\/2017\/05\/gr-284.jpg","datePublished":"2017-12-04T14:51:04+00:00","dateModified":"2025-12-04T16:09:53+00:00","breadcrumb":{"@id":"https:\/\/amf.eus\/eu\/gr-284\/#breadcrumb"},"inLanguage":"eu-ES","potentialAction":[{"@type":"ReadAction","target":["https:\/\/amf.eus\/eu\/gr-284\/"]}]},{"@type":"ImageObject","inLanguage":"eu-ES","@id":"https:\/\/amf.eus\/eu\/gr-284\/#primaryimage","url":"https:\/\/amf.eus\/wp-content\/uploads\/2017\/05\/gr-284.jpg","contentUrl":"https:\/\/amf.eus\/wp-content\/uploads\/2017\/05\/gr-284.jpg","width":640,"height":428},{"@type":"BreadcrumbList","@id":"https:\/\/amf.eus\/eu\/gr-284\/#breadcrumb","itemListElement":[{"@type":"ListItem","position":1,"name":"Portada","item":"https:\/\/amf.eus\/eu\/"},{"@type":"ListItem","position":2,"name":"GR-284: Sope\u00f1ako Errege Bidea"}]},{"@type":"WebSite","@id":"https:\/\/amf.eus\/eu\/#website","url":"https:\/\/amf.eus\/eu\/","name":"Arabako Mendizale Federazioa","description":"Federaci\u00f3n Alavesa de Monta\u00f1a","publisher":{"@id":"https:\/\/amf.eus\/eu\/#organization"},"potentialAction":[{"@type":"SearchAction","target":{"@type":"EntryPoint","urlTemplate":"https:\/\/amf.eus\/eu\/?s={search_term_string}"},"query-input":{"@type":"PropertyValueSpecification","valueRequired":true,"valueName":"search_term_string"}}],"inLanguage":"eu-ES"},{"@type":"Organization","@id":"https:\/\/amf.eus\/eu\/#organization","name":"Arabako Mendizale Federazioa - Federaci\u00f3n alavesa de Monta\u00f1a","alternateName":"Arabako Mendizale Federazioa","url":"https:\/\/amf.eus\/eu\/","logo":{"@type":"ImageObject","inLanguage":"eu-ES","@id":"https:\/\/amf.eus\/eu\/#\/schema\/logo\/image\/","url":"https:\/\/amf.eus\/wp-content\/uploads\/2025\/12\/amf-fam_logoa.png","contentUrl":"https:\/\/amf.eus\/wp-content\/uploads\/2025\/12\/amf-fam_logoa.png","width":999,"height":989,"caption":"Arabako Mendizale Federazioa - Federaci\u00f3n alavesa de Monta\u00f1a"},"image":{"@id":"https:\/\/amf.eus\/eu\/#\/schema\/logo\/image\/"},"sameAs":["https:\/\/www.facebook.com\/profile.php?id=100066562993322","https:\/\/www.instagram.com\/arabakomendizale\/"]},{"@type":"Person","@id":"https:\/\/amf.eus\/eu\/#\/schema\/person\/860b8abb5e1d8f2c47971799ae1af4b6","name":"edurneEM"}]}},"_links":{"self":[{"href":"https:\/\/amf.eus\/eu\/wp-json\/wp\/v2\/posts\/15420","targetHints":{"allow":["GET"]}}],"collection":[{"href":"https:\/\/amf.eus\/eu\/wp-json\/wp\/v2\/posts"}],"about":[{"href":"https:\/\/amf.eus\/eu\/wp-json\/wp\/v2\/types\/post"}],"author":[{"embeddable":true,"href":"https:\/\/amf.eus\/eu\/wp-json\/wp\/v2\/users\/7"}],"replies":[{"embeddable":true,"href":"https:\/\/amf.eus\/eu\/wp-json\/wp\/v2\/comments?post=15420"}],"version-history":[{"count":3,"href":"https:\/\/amf.eus\/eu\/wp-json\/wp\/v2\/posts\/15420\/revisions"}],"predecessor-version":[{"id":15475,"href":"https:\/\/amf.eus\/eu\/wp-json\/wp\/v2\/posts\/15420\/revisions\/15475"}],"wp:featuredmedia":[{"embeddable":true,"href":"https:\/\/amf.eus\/eu\/wp-json\/wp\/v2\/media\/2914"}],"wp:attachment":[{"href":"https:\/\/amf.eus\/eu\/wp-json\/wp\/v2\/media?parent=15420"}],"wp:term":[{"taxonomy":"category","embeddable":true,"href":"https:\/\/amf.eus\/eu\/wp-json\/wp\/v2\/categories?post=15420"},{"taxonomy":"post_tag","embeddable":true,"href":"https:\/\/amf.eus\/eu\/wp-json\/wp\/v2\/tags?post=15420"}],"curies":[{"name":"wp","href":"https:\/\/api.w.org\/{rel}","templated":true}]}}